{"id":30922,"date":"2023-08-18T14:31:32","date_gmt":"2023-08-18T14:31:32","guid":{"rendered":"https:\/\/www.truecommerce.com\/blog\/forlaengelse-af-momsfritagelse-pa-fodevarer-i-spanien-opdatering-og-datoer\/"},"modified":"2026-04-14T13:16:26","modified_gmt":"2026-04-14T13:16:26","slug":"forlaengelse-af-momsfritagelse-pa-fodevarer-i-spanien-opdatering-og-datoer","status":"publish","type":"post","link":"https:\/\/www.truecommerce.com\/da\/blog\/forlaengelse-af-momsfritagelse-paa-foedevarer-i-spanien-opdatering-og-datoer\/","title":{"rendered":"Forl\u00e6ngelse af momsfritagelse p\u00e5 f\u00f8devarer i Spanien: Opdatering og datoer"},"content":{"rendered":"\n<p>I en tid med konstante udviklinger inden for fakturering og skatteregler er det afg\u00f8rende for virksomheder at holde sig opdateret om de seneste \u00e6ndringer. I vores tidligere blogindl\u00e6g har vi udforsket emnet fakturering i Spanien og set n\u00e6rmere p\u00e5 de forest\u00e5ende krav. Hvis du ikke allerede har l\u00e6st det, kan du finde vores tidligere blogindl\u00e6g om <a href=\"https:\/\/www.truecommerce.com\/dk-da\/blog\/nyt-om-kommende-krav-til-e-fakturering-i-spanien\/\" target=\"_blank\" rel=\"noreferrer noopener\">fakturering i Spanien&nbsp;her.<\/a><\/p>\n\n\n\n<h2 class=\"wp-block-heading\" id=\"h-kgl-dekret-lov-5-2023-af-den-28-juni-2023\">\u00a0Kgl. Dekret-Lov 5\/2023 af den 28. juni 2023.<\/h2>\n\n\n\n<p>Dette blogindl\u00e6g er en opdatering p\u00e5 de nye regler, der kommer i k\u00f8lvandet p\u00e5 Kgl. Dekret-Lov 5\/2023 af den 28. juni 2023.<\/p>\n\n\n\n<p>Den midlertidige nul-moms sats for f\u00f8devarer er nemlig blevet forl\u00e6nget. Her er der tale om f\u00f8devarer som br\u00f8d, mel, m\u00e6lk, ost, \u00e6g, frugt, gr\u00f8ntsager, b\u00e6lgfrugter, rodfrugter og korn. Den midlertidige nul-moms sats er blevet forl\u00e6nget indtil den 31. december 2023.<\/p>\n\n\n\n<p>Skriv dig op til vores nyhedsbrev og f\u00e5 opdateringer og andre vigtige informationer direkte p\u00e5 mail. <a href=\"https:\/\/www.truecommerce.com\/da\/kontakt\/\" target=\"_blank\" rel=\"noreferrer noopener\">Tilmeld dig nyhedsbrevet her.<\/a><\/p>\n\n\n","protected":false},"excerpt":{"rendered":"<p>I en tid med konstante udviklinger inden for fakturering og skatteregler er det afg\u00f8rende for virksomheder at holde sig opdateret om de seneste \u00e6ndringer. I vores tidligere blogindl\u00e6g har vi udforsket emnet fakturering i Spanien og set n\u00e6rmere p\u00e5 de forest\u00e5ende krav. Hvis du ikke allerede har l\u00e6st det, kan du finde vores tidligere blogindl\u00e6g [&hellip;]<\/p>\n","protected":false},"author":2,"featured_media":30923,"comment_status":"open","ping_status":"open","sticky":false,"template":"","format":"standard","meta":{"_acf_changed":false,"footnotes":""},"categories":[4],"tags":[],"region":[],"industry":[],"topic":[420,444],"product":[],"integration_type":[],"erp":[],"class_list":["post-30922","post","type-post","status-publish","format-standard","has-post-thumbnail","hentry","category-uncategorized-da","topic-e-invoicing-da","topic-e-invoicing-compliance-da"],"acf":[],"yoast_head":"<!-- This site is optimized with the Yoast SEO Premium plugin v27.4 (Yoast SEO v27.4) - https:\/\/yoast.com\/product\/yoast-seo-premium-wordpress\/ -->\n<title>Forl\u00e6ngelse af momsfritagelse p\u00e5 f\u00f8devarer i Spanien: Opdatering og datoer | TrueCommerce<\/title>\n<meta name=\"robots\" content=\"index, follow, max-snippet:-1, max-image-preview:large, max-video-preview:-1\" \/>\n<link rel=\"canonical\" href=\"https:\/\/www.truecommerce.com\/da\/blog\/forlaengelse-af-momsfritagelse-paa-foedevarer-i-spanien-opdatering-og-datoer\/\" \/>\n<meta property=\"og:locale\" content=\"da_DK\" \/>\n<meta property=\"og:type\" content=\"article\" \/>\n<meta property=\"og:title\" content=\"Forl\u00e6ngelse af momsfritagelse p\u00e5 f\u00f8devarer i Spanien: Opdatering og datoer\" \/>\n<meta property=\"og:description\" content=\"I en tid med konstante udviklinger inden for fakturering og skatteregler er det afg\u00f8rende for virksomheder at holde sig opdateret om de seneste \u00e6ndringer. I vores tidligere blogindl\u00e6g har vi udforsket emnet fakturering i Spanien og set n\u00e6rmere p\u00e5 de forest\u00e5ende krav. Hvis du ikke allerede har l\u00e6st det, kan du finde vores tidligere blogindl\u00e6g [&hellip;]\" \/>\n<meta property=\"og:url\" content=\"https:\/\/www.truecommerce.com\/da\/blog\/forlaengelse-af-momsfritagelse-paa-foedevarer-i-spanien-opdatering-og-datoer\/\" \/>\n<meta property=\"og:site_name\" content=\"TrueCommerce\" \/>\n<meta property=\"article:publisher\" content=\"https:\/\/www.facebook.com\/TrueCommerce\" \/>\n<meta property=\"article:published_time\" content=\"2023-08-18T14:31:32+00:00\" \/>\n<meta property=\"article:modified_time\" content=\"2026-04-14T13:16:26+00:00\" \/>\n<meta property=\"og:image\" content=\"https:\/\/www.truecommerce.com\/wp-content\/uploads\/2025\/12\/Q3_23_SE_Blog_Images_Spain_TC-3.png\" \/>\n\t<meta property=\"og:image:width\" content=\"600\" \/>\n\t<meta property=\"og:image:height\" content=\"400\" \/>\n\t<meta property=\"og:image:type\" content=\"image\/png\" \/>\n<meta name=\"author\" content=\"Renny Smith\" \/>\n<meta name=\"twitter:card\" content=\"summary_large_image\" \/>\n<meta name=\"twitter:creator\" content=\"@TrueCommerce\" \/>\n<meta name=\"twitter:site\" content=\"@TrueCommerce\" \/>\n<meta name=\"twitter:label1\" content=\"Written by\" \/>\n\t<meta name=\"twitter:data1\" content=\"Renny Smith\" \/>\n\t<meta name=\"twitter:label2\" content=\"Est. reading time\" \/>\n\t<meta name=\"twitter:data2\" content=\"1 minut\" \/>\n<script type=\"application\/ld+json\" class=\"yoast-schema-graph\">{\"@context\":\"https:\\\/\\\/schema.org\",\"@graph\":[{\"@type\":\"Article\",\"@id\":\"https:\\\/\\\/www.truecommerce.com\\\/da\\\/blog\\\/forlaengelse-af-momsfritagelse-paa-foedevarer-i-spanien-opdatering-og-datoer\\\/#article\",\"isPartOf\":{\"@id\":\"https:\\\/\\\/www.truecommerce.com\\\/da\\\/blog\\\/forlaengelse-af-momsfritagelse-paa-foedevarer-i-spanien-opdatering-og-datoer\\\/\"},\"author\":{\"name\":\"Renny Smith\",\"@id\":\"https:\\\/\\\/www.truecommerce.com\\\/da\\\/#\\\/schema\\\/person\\\/4ae5625edee598d4a59fa241965cc3de\"},\"headline\":\"Forl\u00e6ngelse af momsfritagelse p\u00e5 f\u00f8devarer i Spanien: Opdatering og datoer\",\"datePublished\":\"2023-08-18T14:31:32+00:00\",\"dateModified\":\"2026-04-14T13:16:26+00:00\",\"mainEntityOfPage\":{\"@id\":\"https:\\\/\\\/www.truecommerce.com\\\/da\\\/blog\\\/forlaengelse-af-momsfritagelse-paa-foedevarer-i-spanien-opdatering-og-datoer\\\/\"},\"wordCount\":171,\"commentCount\":0,\"publisher\":{\"@id\":\"https:\\\/\\\/www.truecommerce.com\\\/da\\\/#organization\"},\"image\":{\"@id\":\"https:\\\/\\\/www.truecommerce.com\\\/da\\\/blog\\\/forlaengelse-af-momsfritagelse-paa-foedevarer-i-spanien-opdatering-og-datoer\\\/#primaryimage\"},\"thumbnailUrl\":\"https:\\\/\\\/www.truecommerce.com\\\/wp-content\\\/uploads\\\/2025\\\/12\\\/Q3_23_SE_Blog_Images_Spain_TC-3.png\",\"articleSection\":[\"Uncategorized @da\"],\"inLanguage\":\"da-DK\"},{\"@type\":\"WebPage\",\"@id\":\"https:\\\/\\\/www.truecommerce.com\\\/da\\\/blog\\\/forlaengelse-af-momsfritagelse-paa-foedevarer-i-spanien-opdatering-og-datoer\\\/\",\"url\":\"https:\\\/\\\/www.truecommerce.com\\\/da\\\/blog\\\/forlaengelse-af-momsfritagelse-paa-foedevarer-i-spanien-opdatering-og-datoer\\\/\",\"name\":\"Forl\u00e6ngelse af momsfritagelse p\u00e5 f\u00f8devarer i Spanien: Opdatering og datoer | TrueCommerce\",\"isPartOf\":{\"@id\":\"https:\\\/\\\/www.truecommerce.com\\\/da\\\/#website\"},\"primaryImageOfPage\":{\"@id\":\"https:\\\/\\\/www.truecommerce.com\\\/da\\\/blog\\\/forlaengelse-af-momsfritagelse-paa-foedevarer-i-spanien-opdatering-og-datoer\\\/#primaryimage\"},\"image\":{\"@id\":\"https:\\\/\\\/www.truecommerce.com\\\/da\\\/blog\\\/forlaengelse-af-momsfritagelse-paa-foedevarer-i-spanien-opdatering-og-datoer\\\/#primaryimage\"},\"thumbnailUrl\":\"https:\\\/\\\/www.truecommerce.com\\\/wp-content\\\/uploads\\\/2025\\\/12\\\/Q3_23_SE_Blog_Images_Spain_TC-3.png\",\"datePublished\":\"2023-08-18T14:31:32+00:00\",\"dateModified\":\"2026-04-14T13:16:26+00:00\",\"breadcrumb\":{\"@id\":\"https:\\\/\\\/www.truecommerce.com\\\/da\\\/blog\\\/forlaengelse-af-momsfritagelse-paa-foedevarer-i-spanien-opdatering-og-datoer\\\/#breadcrumb\"},\"inLanguage\":\"da-DK\",\"potentialAction\":[{\"@type\":\"ReadAction\",\"target\":[\"https:\\\/\\\/www.truecommerce.com\\\/da\\\/blog\\\/forlaengelse-af-momsfritagelse-paa-foedevarer-i-spanien-opdatering-og-datoer\\\/\"]}]},{\"@type\":\"ImageObject\",\"inLanguage\":\"da-DK\",\"@id\":\"https:\\\/\\\/www.truecommerce.com\\\/da\\\/blog\\\/forlaengelse-af-momsfritagelse-paa-foedevarer-i-spanien-opdatering-og-datoer\\\/#primaryimage\",\"url\":\"https:\\\/\\\/www.truecommerce.com\\\/wp-content\\\/uploads\\\/2025\\\/12\\\/Q3_23_SE_Blog_Images_Spain_TC-3.png\",\"contentUrl\":\"https:\\\/\\\/www.truecommerce.com\\\/wp-content\\\/uploads\\\/2025\\\/12\\\/Q3_23_SE_Blog_Images_Spain_TC-3.png\",\"width\":600,\"height\":400},{\"@type\":\"BreadcrumbList\",\"@id\":\"https:\\\/\\\/www.truecommerce.com\\\/da\\\/blog\\\/forlaengelse-af-momsfritagelse-paa-foedevarer-i-spanien-opdatering-og-datoer\\\/#breadcrumb\",\"itemListElement\":[{\"@type\":\"ListItem\",\"position\":1,\"name\":\"Home\",\"item\":\"https:\\\/\\\/www.truecommerce.com\\\/da\\\/\"},{\"@type\":\"ListItem\",\"position\":2,\"name\":\"Forl\u00e6ngelse af momsfritagelse p\u00e5 f\u00f8devarer i Spanien: Opdatering og datoer\"}]},{\"@type\":\"WebSite\",\"@id\":\"https:\\\/\\\/www.truecommerce.com\\\/da\\\/#website\",\"url\":\"https:\\\/\\\/www.truecommerce.com\\\/da\\\/\",\"name\":\"TrueCommerce\",\"description\":\"\",\"publisher\":{\"@id\":\"https:\\\/\\\/www.truecommerce.com\\\/da\\\/#organization\"},\"potentialAction\":[{\"@type\":\"SearchAction\",\"target\":{\"@type\":\"EntryPoint\",\"urlTemplate\":\"https:\\\/\\\/www.truecommerce.com\\\/da\\\/?s={search_term_string}\"},\"query-input\":{\"@type\":\"PropertyValueSpecification\",\"valueRequired\":true,\"valueName\":\"search_term_string\"}}],\"inLanguage\":\"da-DK\"},{\"@type\":\"Organization\",\"@id\":\"https:\\\/\\\/www.truecommerce.com\\\/da\\\/#organization\",\"name\":\"TrueCommerce\",\"url\":\"https:\\\/\\\/www.truecommerce.com\\\/da\\\/\",\"logo\":{\"@type\":\"ImageObject\",\"inLanguage\":\"da-DK\",\"@id\":\"https:\\\/\\\/www.truecommerce.com\\\/da\\\/#\\\/schema\\\/logo\\\/image\\\/\",\"url\":\"https:\\\/\\\/www.truecommerce.com\\\/wp-content\\\/uploads\\\/2025\\\/12\\\/Icon_TrueCommerce-Logo_With-Border-and-Background.png\",\"contentUrl\":\"https:\\\/\\\/www.truecommerce.com\\\/wp-content\\\/uploads\\\/2025\\\/12\\\/Icon_TrueCommerce-Logo_With-Border-and-Background.png\",\"width\":1200,\"height\":1200,\"caption\":\"TrueCommerce\"},\"image\":{\"@id\":\"https:\\\/\\\/www.truecommerce.com\\\/da\\\/#\\\/schema\\\/logo\\\/image\\\/\"},\"sameAs\":[\"https:\\\/\\\/www.facebook.com\\\/TrueCommerce\",\"https:\\\/\\\/x.com\\\/TrueCommerce\",\"https:\\\/\\\/www.linkedin.com\\\/company\\\/truecommerce\",\"https:\\\/\\\/www.instagram.com\\\/truecommerce\\\/\"],\"description\":\"At TrueCommerce, we help businesses connect, automate, and grow, faster. Our mission is to drive customer success through innovation, speed, and a seamless, end-to-end experience.\",\"legalName\":\"TrueCommerce\"},{\"@type\":\"Person\",\"@id\":\"https:\\\/\\\/www.truecommerce.com\\\/da\\\/#\\\/schema\\\/person\\\/4ae5625edee598d4a59fa241965cc3de\",\"name\":\"Renny Smith\",\"image\":{\"@type\":\"ImageObject\",\"inLanguage\":\"da-DK\",\"@id\":\"https:\\\/\\\/secure.gravatar.com\\\/avatar\\\/acc44e7af4646d48fe4a4182becf7edcfdb02e23aea04bb396bbc73c9c81a1c4?s=96&d=mm&r=g\",\"url\":\"https:\\\/\\\/secure.gravatar.com\\\/avatar\\\/acc44e7af4646d48fe4a4182becf7edcfdb02e23aea04bb396bbc73c9c81a1c4?s=96&d=mm&r=g\",\"contentUrl\":\"https:\\\/\\\/secure.gravatar.com\\\/avatar\\\/acc44e7af4646d48fe4a4182becf7edcfdb02e23aea04bb396bbc73c9c81a1c4?s=96&d=mm&r=g\",\"caption\":\"Renny Smith\"},\"url\":\"https:\\\/\\\/www.truecommerce.com\\\/da\\\/blog\\\/author\\\/renny-smithtruecommerce-com\\\/\"}]}<\/script>\n<!-- \/ Yoast SEO Premium plugin. -->","yoast_head_json":{"title":"Forl\u00e6ngelse af momsfritagelse p\u00e5 f\u00f8devarer i Spanien: Opdatering og datoer | TrueCommerce","robots":{"index":"index","follow":"follow","max-snippet":"max-snippet:-1","max-image-preview":"max-image-preview:large","max-video-preview":"max-video-preview:-1"},"canonical":"https:\/\/www.truecommerce.com\/da\/blog\/forlaengelse-af-momsfritagelse-paa-foedevarer-i-spanien-opdatering-og-datoer\/","og_locale":"da_DK","og_type":"article","og_title":"Forl\u00e6ngelse af momsfritagelse p\u00e5 f\u00f8devarer i Spanien: Opdatering og datoer","og_description":"I en tid med konstante udviklinger inden for fakturering og skatteregler er det afg\u00f8rende for virksomheder at holde sig opdateret om de seneste \u00e6ndringer. I vores tidligere blogindl\u00e6g har vi udforsket emnet fakturering i Spanien og set n\u00e6rmere p\u00e5 de forest\u00e5ende krav. Hvis du ikke allerede har l\u00e6st det, kan du finde vores tidligere blogindl\u00e6g [&hellip;]","og_url":"https:\/\/www.truecommerce.com\/da\/blog\/forlaengelse-af-momsfritagelse-paa-foedevarer-i-spanien-opdatering-og-datoer\/","og_site_name":"TrueCommerce","article_publisher":"https:\/\/www.facebook.com\/TrueCommerce","article_published_time":"2023-08-18T14:31:32+00:00","article_modified_time":"2026-04-14T13:16:26+00:00","og_image":[{"width":600,"height":400,"url":"https:\/\/www.truecommerce.com\/wp-content\/uploads\/2025\/12\/Q3_23_SE_Blog_Images_Spain_TC-3.png","type":"image\/png"}],"author":"Renny Smith","twitter_card":"summary_large_image","twitter_creator":"@TrueCommerce","twitter_site":"@TrueCommerce","twitter_misc":{"Written by":"Renny Smith","Est. reading time":"1 minut"},"schema":{"@context":"https:\/\/schema.org","@graph":[{"@type":"Article","@id":"https:\/\/www.truecommerce.com\/da\/blog\/forlaengelse-af-momsfritagelse-paa-foedevarer-i-spanien-opdatering-og-datoer\/#article","isPartOf":{"@id":"https:\/\/www.truecommerce.com\/da\/blog\/forlaengelse-af-momsfritagelse-paa-foedevarer-i-spanien-opdatering-og-datoer\/"},"author":{"name":"Renny Smith","@id":"https:\/\/www.truecommerce.com\/da\/#\/schema\/person\/4ae5625edee598d4a59fa241965cc3de"},"headline":"Forl\u00e6ngelse af momsfritagelse p\u00e5 f\u00f8devarer i Spanien: Opdatering og datoer","datePublished":"2023-08-18T14:31:32+00:00","dateModified":"2026-04-14T13:16:26+00:00","mainEntityOfPage":{"@id":"https:\/\/www.truecommerce.com\/da\/blog\/forlaengelse-af-momsfritagelse-paa-foedevarer-i-spanien-opdatering-og-datoer\/"},"wordCount":171,"commentCount":0,"publisher":{"@id":"https:\/\/www.truecommerce.com\/da\/#organization"},"image":{"@id":"https:\/\/www.truecommerce.com\/da\/blog\/forlaengelse-af-momsfritagelse-paa-foedevarer-i-spanien-opdatering-og-datoer\/#primaryimage"},"thumbnailUrl":"https:\/\/www.truecommerce.com\/wp-content\/uploads\/2025\/12\/Q3_23_SE_Blog_Images_Spain_TC-3.png","articleSection":["Uncategorized @da"],"inLanguage":"da-DK"},{"@type":"WebPage","@id":"https:\/\/www.truecommerce.com\/da\/blog\/forlaengelse-af-momsfritagelse-paa-foedevarer-i-spanien-opdatering-og-datoer\/","url":"https:\/\/www.truecommerce.com\/da\/blog\/forlaengelse-af-momsfritagelse-paa-foedevarer-i-spanien-opdatering-og-datoer\/","name":"Forl\u00e6ngelse af momsfritagelse p\u00e5 f\u00f8devarer i Spanien: Opdatering og datoer | TrueCommerce","isPartOf":{"@id":"https:\/\/www.truecommerce.com\/da\/#website"},"primaryImageOfPage":{"@id":"https:\/\/www.truecommerce.com\/da\/blog\/forlaengelse-af-momsfritagelse-paa-foedevarer-i-spanien-opdatering-og-datoer\/#primaryimage"},"image":{"@id":"https:\/\/www.truecommerce.com\/da\/blog\/forlaengelse-af-momsfritagelse-paa-foedevarer-i-spanien-opdatering-og-datoer\/#primaryimage"},"thumbnailUrl":"https:\/\/www.truecommerce.com\/wp-content\/uploads\/2025\/12\/Q3_23_SE_Blog_Images_Spain_TC-3.png","datePublished":"2023-08-18T14:31:32+00:00","dateModified":"2026-04-14T13:16:26+00:00","breadcrumb":{"@id":"https:\/\/www.truecommerce.com\/da\/blog\/forlaengelse-af-momsfritagelse-paa-foedevarer-i-spanien-opdatering-og-datoer\/#breadcrumb"},"inLanguage":"da-DK","potentialAction":[{"@type":"ReadAction","target":["https:\/\/www.truecommerce.com\/da\/blog\/forlaengelse-af-momsfritagelse-paa-foedevarer-i-spanien-opdatering-og-datoer\/"]}]},{"@type":"ImageObject","inLanguage":"da-DK","@id":"https:\/\/www.truecommerce.com\/da\/blog\/forlaengelse-af-momsfritagelse-paa-foedevarer-i-spanien-opdatering-og-datoer\/#primaryimage","url":"https:\/\/www.truecommerce.com\/wp-content\/uploads\/2025\/12\/Q3_23_SE_Blog_Images_Spain_TC-3.png","contentUrl":"https:\/\/www.truecommerce.com\/wp-content\/uploads\/2025\/12\/Q3_23_SE_Blog_Images_Spain_TC-3.png","width":600,"height":400},{"@type":"BreadcrumbList","@id":"https:\/\/www.truecommerce.com\/da\/blog\/forlaengelse-af-momsfritagelse-paa-foedevarer-i-spanien-opdatering-og-datoer\/#breadcrumb","itemListElement":[{"@type":"ListItem","position":1,"name":"Home","item":"https:\/\/www.truecommerce.com\/da\/"},{"@type":"ListItem","position":2,"name":"Forl\u00e6ngelse af momsfritagelse p\u00e5 f\u00f8devarer i Spanien: Opdatering og datoer"}]},{"@type":"WebSite","@id":"https:\/\/www.truecommerce.com\/da\/#website","url":"https:\/\/www.truecommerce.com\/da\/","name":"TrueCommerce","description":"","publisher":{"@id":"https:\/\/www.truecommerce.com\/da\/#organization"},"potentialAction":[{"@type":"SearchAction","target":{"@type":"EntryPoint","urlTemplate":"https:\/\/www.truecommerce.com\/da\/?s={search_term_string}"},"query-input":{"@type":"PropertyValueSpecification","valueRequired":true,"valueName":"search_term_string"}}],"inLanguage":"da-DK"},{"@type":"Organization","@id":"https:\/\/www.truecommerce.com\/da\/#organization","name":"TrueCommerce","url":"https:\/\/www.truecommerce.com\/da\/","logo":{"@type":"ImageObject","inLanguage":"da-DK","@id":"https:\/\/www.truecommerce.com\/da\/#\/schema\/logo\/image\/","url":"https:\/\/www.truecommerce.com\/wp-content\/uploads\/2025\/12\/Icon_TrueCommerce-Logo_With-Border-and-Background.png","contentUrl":"https:\/\/www.truecommerce.com\/wp-content\/uploads\/2025\/12\/Icon_TrueCommerce-Logo_With-Border-and-Background.png","width":1200,"height":1200,"caption":"TrueCommerce"},"image":{"@id":"https:\/\/www.truecommerce.com\/da\/#\/schema\/logo\/image\/"},"sameAs":["https:\/\/www.facebook.com\/TrueCommerce","https:\/\/x.com\/TrueCommerce","https:\/\/www.linkedin.com\/company\/truecommerce","https:\/\/www.instagram.com\/truecommerce\/"],"description":"At TrueCommerce, we help businesses connect, automate, and grow, faster. Our mission is to drive customer success through innovation, speed, and a seamless, end-to-end experience.","legalName":"TrueCommerce"},{"@type":"Person","@id":"https:\/\/www.truecommerce.com\/da\/#\/schema\/person\/4ae5625edee598d4a59fa241965cc3de","name":"Renny Smith","image":{"@type":"ImageObject","inLanguage":"da-DK","@id":"https:\/\/secure.gravatar.com\/avatar\/acc44e7af4646d48fe4a4182becf7edcfdb02e23aea04bb396bbc73c9c81a1c4?s=96&d=mm&r=g","url":"https:\/\/secure.gravatar.com\/avatar\/acc44e7af4646d48fe4a4182becf7edcfdb02e23aea04bb396bbc73c9c81a1c4?s=96&d=mm&r=g","contentUrl":"https:\/\/secure.gravatar.com\/avatar\/acc44e7af4646d48fe4a4182becf7edcfdb02e23aea04bb396bbc73c9c81a1c4?s=96&d=mm&r=g","caption":"Renny Smith"},"url":"https:\/\/www.truecommerce.com\/da\/blog\/author\/renny-smithtruecommerce-com\/"}]}},"_links":{"self":[{"href":"https:\/\/www.truecommerce.com\/da\/wp-json\/wp\/v2\/posts\/30922","targetHints":{"allow":["GET"]}}],"collection":[{"href":"https:\/\/www.truecommerce.com\/da\/wp-json\/wp\/v2\/posts"}],"about":[{"href":"https:\/\/www.truecommerce.com\/da\/wp-json\/wp\/v2\/types\/post"}],"author":[{"embeddable":true,"href":"https:\/\/www.truecommerce.com\/da\/wp-json\/wp\/v2\/users\/2"}],"replies":[{"embeddable":true,"href":"https:\/\/www.truecommerce.com\/da\/wp-json\/wp\/v2\/comments?post=30922"}],"version-history":[{"count":0,"href":"https:\/\/www.truecommerce.com\/da\/wp-json\/wp\/v2\/posts\/30922\/revisions"}],"wp:featuredmedia":[{"embeddable":true,"href":"https:\/\/www.truecommerce.com\/da\/wp-json\/wp\/v2\/media\/30923"}],"wp:attachment":[{"href":"https:\/\/www.truecommerce.com\/da\/wp-json\/wp\/v2\/media?parent=30922"}],"wp:term":[{"taxonomy":"category","embeddable":true,"href":"https:\/\/www.truecommerce.com\/da\/wp-json\/wp\/v2\/categories?post=30922"},{"taxonomy":"post_tag","embeddable":true,"href":"https:\/\/www.truecommerce.com\/da\/wp-json\/wp\/v2\/tags?post=30922"},{"taxonomy":"region","embeddable":true,"href":"https:\/\/www.truecommerce.com\/da\/wp-json\/wp\/v2\/region?post=30922"},{"taxonomy":"industry","embeddable":true,"href":"https:\/\/www.truecommerce.com\/da\/wp-json\/wp\/v2\/industry?post=30922"},{"taxonomy":"topic","embeddable":true,"href":"https:\/\/www.truecommerce.com\/da\/wp-json\/wp\/v2\/topic?post=30922"},{"taxonomy":"product","embeddable":true,"href":"https:\/\/www.truecommerce.com\/da\/wp-json\/wp\/v2\/product?post=30922"},{"taxonomy":"integration_type","embeddable":true,"href":"https:\/\/www.truecommerce.com\/da\/wp-json\/wp\/v2\/integration_type?post=30922"},{"taxonomy":"erp","embeddable":true,"href":"https:\/\/www.truecommerce.com\/da\/wp-json\/wp\/v2\/erp?post=30922"}],"curies":[{"name":"wp","href":"https:\/\/api.w.org\/{rel}","templated":true}]}}